{"id":1150,"date":"2022-09-06T11:12:08","date_gmt":"2022-09-06T08:12:08","guid":{"rendered":"https:\/\/rajatlapinkaivoksille.fi\/?p=1150"},"modified":"2025-11-18T14:02:39","modified_gmt":"2025-11-18T12:02:39","slug":"maamme-rikkaudet-tapahtuma-kirvoitti-keskustelua-ja-esitti-ennen-julkaisematonta-aineistoa-kaivostoiminnan-vaikutuksista-luontoon","status":"publish","type":"post","link":"https:\/\/rajatlapinkaivoksille.fi\/index.php\/2022\/09\/06\/maamme-rikkaudet-tapahtuma-kirvoitti-keskustelua-ja-esitti-ennen-julkaisematonta-aineistoa-kaivostoiminnan-vaikutuksista-luontoon\/","title":{"rendered":"Maamme rikkaudet -tapahtuma kirvoitti keskustelua ja esitti ennen julkaisematonta aineistoa kaivostoiminnan vaikutuksista luontoon"},"content":{"rendered":"\r\n<h2 class=\"has-medium-font-size wp-block-heading\">Kaivoskriittisten yhdistysten 2.\u20133. syyskuuta j\u00e4rjest\u00e4m\u00e4 seminaari ja toritapahtuma ker\u00e4si molempina p\u00e4ivin\u00e4 satakunta osallistujaa Rovaniemen kauppatorille ja yli tuhat et\u00e4seuraajaa verkkol\u00e4hetysten \u00e4\u00e4relle.<\/h2>\r\n\r\n\r\n\r\n<p>Tapahtuman j\u00e4rjestiv\u00e4t poliittisesti sitoutumattomat yhdistykset Rajat Lapin kaivoksille ry ja Saimaa ilman kaivoksia ry. Kutsuttuina puhujina ja panelisteina oli asiantuntijoita ja elinkeinoel\u00e4m\u00e4n edustajia eri aloilta sek\u00e4 kansanedustajia ja paikallispoliitikkoja. P\u00e4\u00e4puhuja oli europarlamentaarikko\u00a0<strong>Sirpa Pietik\u00e4inen<\/strong>.<\/p>\r\n\r\n\r\n\r\n<p>Lapin yliopiston professori ja Rajat Lapin kaivoksille -yhdistyksen puheenjohtaja\u00a0<strong>Matti Nojonen<\/strong>\u00a0esitteli ennen julkaisematonta aineistoa Kevitsan avolouhoksen r\u00e4j\u00e4ytysp\u00f6lyist\u00e4.<\/p>\r\n\r\n\r\n\r\n<p>\u201dSatelliittikuvat alueen hangista osoittavat, ett\u00e4 p\u00f6lyt levi\u00e4v\u00e4t kymmenien kilometrien p\u00e4\u00e4h\u00e4n, paljon kauemmas kuin kaivoksen omat mittauspisteet ylt\u00e4v\u00e4t.\u201d<\/p>\r\n\r\n\r\n\r\n<p>Kaivostoiminnan j\u00e4ljet n\u00e4kyv\u00e4t Nojosen mukaan my\u00f6s vesi-, lumi-, neulas- sek\u00e4 naava- ja luppon\u00e4ytteiss\u00e4, jotka on ker\u00e4tty Natura-alueelta kaivoksen pohjoispuolelta ja analysoitu laboratoriossa. Esimerkiksi seuraavien aineiden pitoisuudet olivat n\u00e4ytteiss\u00e4 moninkertaisesti koholla: sulfaatti, kokonaisrikki, kloridi, nitraattityppi, alumiini, kromi, kupari, lyijy ja nikkeli.<\/p>\r\n\r\n\r\n\r\n<p>\u201dKun luonnontuotteissa esiintyy n\u00e4in merkitt\u00e4vi\u00e4 poikkeamia, my\u00f6s elintarviketurvallisuuden rajat rikkoutuvat\u201d, Nojonen muistuttaa. \u201dOnko n\u00e4iden alueiden sieni\u00e4, marjoja, riistaa tai kalaa en\u00e4\u00e4 turvallista nauttia?\u201d<\/p>\r\n\r\n\r\n\r\n<p>Tapahtumassa k\u00e4ytiin kaikkiaan kolme paneelikeskustelua, jotka kirvoittivat vilkasta vuoropuhelua ja yleis\u00f6kysymyksi\u00e4. Nykyisen kaivoslain ep\u00e4kohdat ja puutteellinen viranomaisvalvonta saivat runsaasti kritiikki\u00e4.<\/p>\r\n\r\n\r\n\r\n<p>Helsingin yliopiston ty\u00f6el\u00e4m\u00e4professori, oikeustieteen tohtori\u00a0<strong>Hannele Pokka<\/strong>\u00a0tiivisti lauantaina monen osallistujan tuntemukset:\u00a0\u201dLains\u00e4\u00e4d\u00e4nt\u00f6\u00e4 pit\u00e4\u00e4 kehitt\u00e4\u00e4 niin, ett\u00e4 se vastaa aikaa ja ihmisten oikeustajua.\u201d<\/p>\r\n\r\n\r\n\r\n<p>J\u00e4rjest\u00e4j\u00e4t olivat pettyneit\u00e4 siihen, ettei tapahtumaan saatu terveydenhuoltoalan asiantuntijaa puhumaan siit\u00e4, millaisia terveysriskej\u00e4 kaivosten ty\u00f6ntekij\u00f6ille aiheutuu.\u00a0<\/p>\r\n\r\n\r\n\r\n<p>\u201dOtimme yhteytt\u00e4 sosiaali- ja terveysministeri\u00f6\u00f6n, Ty\u00f6terveyslaitokseen, Ty\u00f6turvallisuuskeskukseen, Pohjois-Suomen aluehallintovirastoon sek\u00e4 lukuisiin Lapin alueen l\u00e4\u00e4k\u00e4riasemiin, jotka tekev\u00e4t ty\u00f6terveystarkastuksia. Mik\u00e4\u00e4n n\u00e4ist\u00e4 ei t\u00e4rp\u00e4nnyt, my\u00f6s et\u00e4osallistumisesta kielt\u00e4ydyttiin\u201d, Matti Nojonen sanoo.<\/p>\r\n\r\n\r\n\r\n<p>\u201dAlkoi vahvasti haiskahtaa silt\u00e4, ett\u00e4\u00a0kaivoksilla tapahtuvasta altistumisesta erilaisille kemikaaleille ja asbestille ei saa tai voi puhua julkisesti.\u201d<\/p>\r\n\r\n\r\n\r\n<p>Sen sijaan puhujalavalle nousi aktivisteja toinen toisensa j\u00e4lkeen: maanomistaja, luonnossaliikkuja, poronomistaja sek\u00e4 paliskuntien ja saamelaisk\u00e4r\u00e4jien edustajia. \u00a0<\/p>\r\n\r\n\r\n\r\n<p>\u201dN\u00e4m\u00e4 ihmiset eiv\u00e4t en\u00e4\u00e4 suostu olemaan hiljaa\u201d, sanoo\u00a0<strong>Miisa Mink<\/strong>, Saimaa ilman kaivoksia ry:n puheenjohtaja. \u201dEik\u00e4 keskustelu lopu t\u00e4h\u00e4n. Ensi syksyn\u00e4 Maamme rikkaudet j\u00e4rjestet\u00e4\u00e4n Saimaan rannalla.\u201d<\/p>\r\n\r\n\r\n\r\n<p><strong>Maamme rikkaudet 2022 -tapahtuma on katsottavissa verkkotallenteena Youtubessa.<\/strong><\/p>\r\n\r\n\r\n\r\n<p><strong><a href=\"https:\/\/youtu.be\/vPwsx7-TY6Y\" target=\"_blank\" rel=\"noreferrer noopener\">Perjantai<\/a>\u00a0<\/strong><br \/><a href=\"https:\/\/youtu.be\/LU41-REbfsE\" target=\"_blank\" rel=\"noreferrer noopener\"><strong>Lauantai<\/strong><\/a><\/p>\r\n\r\n\r\n\r\n<p><strong>Tapahtumassa esitellyt\u00a0satelliittikuvat, videot ja tutkimustulokset saa pyydett\u00e4ess\u00e4, samoin puhujien esitykset.<\/strong><\/p>\r\n\r\n\r\n\r\n<p><strong>Ohjelma ja puhujatiedot ovat osoitteessa\u00a0<a href=\"https:\/\/maammerikkaudet.org\/\" target=\"_blank\" rel=\"noreferrer noopener\">maammerikkaudet.org<\/a><\/strong><\/p>\r\n\r\n\r\n\r\n<p><strong>Lis\u00e4tietoja:<\/strong><\/p>\r\n\r\n\r\n\r\n<p>Matti Nojonen, puheenjohtaja, Rajat Lapin kaivoksille ry<br \/><a>matti.nojonen@ulapland.fi<\/a><br \/>puh. 044\u00a0971 2743<\/p>\r\n\r\n\r\n\r\n<p><a href=\"https:\/\/rajatlapinkaivoksille.fi\/\" target=\"_blank\" rel=\"noreferrer noopener\"><strong>rajatlapinkaivoksille.fi\/<\/strong><\/a><\/p>\r\n\r\n\r\n\r\n<p><strong><a href=\"https:\/\/www.facebook.com\/rajatlapinkaivoksille\" target=\"_blank\" rel=\"noreferrer noopener\">www.facebook.com\/rajatlapinkaivoksille<\/a><\/strong><\/p>\r\n\r\n\r\n\r\n<p>Miisa Mink, puheenjohtaja, Saimaa ilman kaivoksia ry<br \/><a href=\"mailto:info.saimaailmankaivoksia@gmail.com\" target=\"_blank\" rel=\"noreferrer noopener\">info.saimaailmankaivoksia@gmail.com<\/a><br \/>puh. +44 797 340 2416<\/p>\r\n\r\n\r\n\r\n<p><strong><a href=\"https:\/\/saimaailmankaivoksia.org\/\" target=\"_blank\" rel=\"noreferrer noopener\">saimaailmankaivoksia.org\/<\/a><\/strong><\/p>\r\n\r\n\r\n\r\n<p><strong><a href=\"https:\/\/www.facebook.com\/groups\/617198872226493\" target=\"_blank\" rel=\"noreferrer noopener\">www.facebook.com\/groups\/617198872226493<\/a><\/strong><\/p>\r\n","protected":false},"excerpt":{"rendered":"<p>Kaivoskriittisten yhdistysten 2.\u20133. syyskuuta j\u00e4rjest\u00e4m\u00e4 seminaari ja toritapahtuma ker\u00e4si molempina p\u00e4ivin\u00e4 satakunta osallistujaa Rovaniemen kauppatorille ja yli tuhat et\u00e4seuraajaa verkkol\u00e4hetysten \u00e4\u00e4relle. Tapahtuman j\u00e4rjestiv\u00e4t poliittisesti sitoutumattomat yhdistykset Rajat Lapin kaivoksille ry ja Saimaa ilman kaivoksia ry. Kutsuttuina puhujina ja panelisteina oli asiantuntijoita ja elinkeinoel\u00e4m\u00e4n edustajia eri aloilta sek\u00e4 kansanedustajia ja paikallispoliitikkoja. P\u00e4\u00e4puhuja oli europarlamentaarikko\u00a0Sirpa Pietik\u00e4inen. Lapin [&hellip;]<\/p>\n","protected":false},"author":7,"featured_media":1157,"comment_status":"open","ping_status":"open","sticky":false,"template":"","format":"standard","meta":{"footnotes":""},"categories":[53],"tags":[],"class_list":["post-1150","post","type-post","status-publish","format-standard","has-post-thumbnail","hentry","category-maamme-rikkaudet"],"_links":{"self":[{"href":"https:\/\/rajatlapinkaivoksille.fi\/index.php\/wp-json\/wp\/v2\/posts\/1150","targetHints":{"allow":["GET"]}}],"collection":[{"href":"https:\/\/rajatlapinkaivoksille.fi\/index.php\/wp-json\/wp\/v2\/posts"}],"about":[{"href":"https:\/\/rajatlapinkaivoksille.fi\/index.php\/wp-json\/wp\/v2\/types\/post"}],"author":[{"embeddable":true,"href":"https:\/\/rajatlapinkaivoksille.fi\/index.php\/wp-json\/wp\/v2\/users\/7"}],"replies":[{"embeddable":true,"href":"https:\/\/rajatlapinkaivoksille.fi\/index.php\/wp-json\/wp\/v2\/comments?post=1150"}],"version-history":[{"count":7,"href":"https:\/\/rajatlapinkaivoksille.fi\/index.php\/wp-json\/wp\/v2\/posts\/1150\/revisions"}],"predecessor-version":[{"id":2609,"href":"https:\/\/rajatlapinkaivoksille.fi\/index.php\/wp-json\/wp\/v2\/posts\/1150\/revisions\/2609"}],"wp:featuredmedia":[{"embeddable":true,"href":"https:\/\/rajatlapinkaivoksille.fi\/index.php\/wp-json\/wp\/v2\/media\/1157"}],"wp:attachment":[{"href":"https:\/\/rajatlapinkaivoksille.fi\/index.php\/wp-json\/wp\/v2\/media?parent=1150"}],"wp:term":[{"taxonomy":"category","embeddable":true,"href":"https:\/\/rajatlapinkaivoksille.fi\/index.php\/wp-json\/wp\/v2\/categories?post=1150"},{"taxonomy":"post_tag","embeddable":true,"href":"https:\/\/rajatlapinkaivoksille.fi\/index.php\/wp-json\/wp\/v2\/tags?post=1150"}],"curies":[{"name":"wp","href":"https:\/\/api.w.org\/{rel}","templated":true}]}}